{"id":56,"date":"2014-04-19T22:41:23","date_gmt":"2014-04-19T20:41:23","guid":{"rendered":"http:\/\/rechtsanwaeltin-ernst.de\/home\/?p=56"},"modified":"2016-04-19T20:33:46","modified_gmt":"2016-04-19T18:33:46","slug":"rentenversicherungspflicht-fuer-honorarlehrer","status":"publish","type":"post","link":"https:\/\/rechtsanwaeltin-ernst.de\/home\/2014\/04\/19\/rentenversicherungspflicht-fuer-honorarlehrer\/","title":{"rendered":"Rentenversicherungspflicht f\u00fcr Honorarlehrer"},"content":{"rendered":"<p style=\"text-align: justify;\">Oft stellt sich f\u00fcr Lehrer und Erzieher die Frage nach der Rentenversicherungspflicht und damit nach der Pflicht Beitr\u00e4ge an die Deutsche Rentenversicherung oder Knappschaft abzuf\u00fchren. Nicht selten kommt es zu F\u00e4llen, dass die Versicherungspflicht  nicht erkannt wird und hohe Beitragsschulden entstehen, die m\u00fchsam abgetragen werden m\u00fcssen. Der folgende Artikel soll Ihnen erste Anhaltspunkte daf\u00fcr geben, ob Sie der Beitragspflicht unterliegen.<\/p>\n<p style=\"text-align: justify;\">&nbsp;<\/p>\n<p style=\"text-align: justify;\">In der gesetzlichen Rentenversicherung pflichtversichert sind:<\/p>\n<ul style=\"text-align: justify;\">\n<li>Lehrkr\u00e4fte, wenn sie damit regelm\u00e4\u00dfig mehr als 450,00 Euro monatlich verdienen (auch nebenberuflich). Der Lehrbegriff wird hier weit ausgelegt: So geh\u00f6rt Nachhilfe ebenso dazu wie Golf- oder Aerobic-Unterricht. Auch selbst\u00e4ndige Coaches, Trainer, Moderatoren, Supervisoren oder Feldenkraisp\u00e4dagogen gelten als Lehrer.<\/li>\n<\/ul>\n<p style=\"text-align: justify;\">&nbsp;<\/p>\n<ul style=\"text-align: justify;\">\n<li>Personen, die \u00fcberwiegend f\u00fcr einen Auftraggeber arbeiten. Umgangssprachlich wird hier von Scheinselbstst\u00e4ndigkeit gesprochen. Sind Sie unsicher, ob das auf Sie zutrifft? Dann lassen Sie sich beraten.<\/li>\n<\/ul>\n<p style=\"text-align: justify;\">Selbstst\u00e4ndige &#8222;Lehrer und Erzieher&#8220; sind ab einem gewissen Einkommen also grunds\u00e4tzlich rentenversicherungspflichtig &#8211; und zwar v\u00f6llig unabh\u00e4ngig davon, in welcher Rechtsform sie t\u00e4tig sind.<\/p>\n<p style=\"text-align: justify;\">Nicht sozialversicherungspflichtig sind Sie als &#8222;Lehrer oder Erzieher&#8220; nur dann, wenn Sie<\/p>\n<ul style=\"text-align: justify;\">\n<li>nur eine \u00dcbungsleiter- oder Ehrenamtspauschale laut \u00a7 3 Nr. 26 und 26 a EStG bekommen,<\/li>\n<li>geringf\u00fcgig besch\u00e4ftigt sind  oder<\/li>\n<li>nur gelegentlich kurzfristige, nicht &#8222;berufsm\u00e4\u00dfige&#8220; Lehrauftr\u00e4ge \u00fcbernehmen (bis zu zwei Monaten bzw. 50 Tagen pro Jahr), oder<\/li>\n<li>bereits eine (Alters)Rente oder Pension beziehen, oder<\/li>\n<li>ihrerseits eigene (sozialversicherungspflichtige) Mitarbeiter besch\u00e4ftigen oder<\/li>\n<li>bereits vor dem 30. September 2001 einen Antrag auf Befreiung von der Sozialversicherungspflicht gestellt haben.<\/li>\n<\/ul>\n<p style=\"text-align: justify;\">Falls hiernach tats\u00e4chlich Rentenversicherungspflicht besteht, muss nicht zwangsl\u00e4ufig auch bei anderen gesetzlichen Sozialversicherungen die Beitragspflicht bestehen.<\/p>\n<p style=\"text-align: justify;\">Neben der Beitragspflicht zur gesetzlichen Rentenversicherung besteht auch eine gesetzliche Meldepflicht (\u00a7 190a SGB VI) des selbst\u00e4ndigen Lehrers. Innerhalb von drei Monaten nach Aufnahme der selbst\u00e4ndigen T\u00e4tigkeit ist diese beim zust\u00e4ndigen Rentenversicherungstr\u00e4ger zu melden. Wird die Frist vers\u00e4umt, k\u00f6nnen die Rentenversicherungsbeitr\u00e4ge nachgefordert werden. Eventuell wird auch ein Bu\u00dfgeld f\u00e4llig.<\/p>\n<p style=\"text-align: justify;\">Die Beitragspflicht ist mittlerweile auch durch ein Urteil des Bundesverfassungsgerichtes gekl\u00e4rt worden. Die Rentenversicherungspflicht f\u00fcr Lehrer ist demnach verfassungsgem\u00e4\u00df, auch wenn diese nicht in einem Besch\u00e4ftigtenverh\u00e4ltnis arbeiten. Zum Schutz des Betroffenen, aber auch im Interesse der staatlichen Gemeinschaft soll damit einer Sozialhilfebed\u00fcrftigkeit im Alter entgegengewirkt werden.<\/p>\n<p style=\"text-align: justify;\">Es liegt nach Ansicht des Bundesverfassungsgerichts auch keine ungerechtfertigte Ungleichbehandlung im Vergleich zu anderen nicht rentenversicherungspflichtigen Selbstst\u00e4ndigen vor. (Bundesverfassungsgericht, Beschluss vom 26. Juni 2007)<\/p>\n","protected":false},"excerpt":{"rendered":"<p>Oft stellt sich f\u00fcr Lehrer und Erzieher die Frage nach der Rentenversicherungspflicht und damit nach der Pflicht Beitr\u00e4ge an die Deutsche Rentenversicherung oder Knappschaft abzuf\u00fchren. Nicht selten kommt es zu F\u00e4llen, dass die Versicherungspflicht nicht erkannt wird und hohe Beitragsschulden entstehen, die m\u00fchsam abgetragen werden m\u00fcssen. Der folgende Artikel soll Ihnen erste Anhaltspunkte daf\u00fcr geben, [&hellip;]<\/p>\n","protected":false},"author":1,"featured_media":0,"comment_status":"closed","ping_status":"closed","sticky":false,"template":"","format":"standard","meta":{"footnotes":""},"categories":[1],"tags":[7],"class_list":["post-56","post","type-post","status-publish","format-standard","hentry","category-themen-aus-der-praxis","tag-rentenversicherung"],"_links":{"self":[{"href":"https:\/\/rechtsanwaeltin-ernst.de\/home\/wp-json\/wp\/v2\/posts\/56","targetHints":{"allow":["GET"]}}],"collection":[{"href":"https:\/\/rechtsanwaeltin-ernst.de\/home\/wp-json\/wp\/v2\/posts"}],"about":[{"href":"https:\/\/rechtsanwaeltin-ernst.de\/home\/wp-json\/wp\/v2\/types\/post"}],"author":[{"embeddable":true,"href":"https:\/\/rechtsanwaeltin-ernst.de\/home\/wp-json\/wp\/v2\/users\/1"}],"replies":[{"embeddable":true,"href":"https:\/\/rechtsanwaeltin-ernst.de\/home\/wp-json\/wp\/v2\/comments?post=56"}],"version-history":[{"count":1,"href":"https:\/\/rechtsanwaeltin-ernst.de\/home\/wp-json\/wp\/v2\/posts\/56\/revisions"}],"predecessor-version":[{"id":57,"href":"https:\/\/rechtsanwaeltin-ernst.de\/home\/wp-json\/wp\/v2\/posts\/56\/revisions\/57"}],"wp:attachment":[{"href":"https:\/\/rechtsanwaeltin-ernst.de\/home\/wp-json\/wp\/v2\/media?parent=56"}],"wp:term":[{"taxonomy":"category","embeddable":true,"href":"https:\/\/rechtsanwaeltin-ernst.de\/home\/wp-json\/wp\/v2\/categories?post=56"},{"taxonomy":"post_tag","embeddable":true,"href":"https:\/\/rechtsanwaeltin-ernst.de\/home\/wp-json\/wp\/v2\/tags?post=56"}],"curies":[{"name":"wp","href":"https:\/\/api.w.org\/{rel}","templated":true}]}}