{"id":51,"date":"2014-08-14T22:38:14","date_gmt":"2014-08-14T20:38:14","guid":{"rendered":"http:\/\/rechtsanwaeltin-ernst.de\/home\/?p=51"},"modified":"2016-04-17T22:38:58","modified_gmt":"2016-04-17T20:38:58","slug":"grundrente-nach-dem-bundesversorgungsgesetz-immer-anrechnungsfrei","status":"publish","type":"post","link":"https:\/\/rechtsanwaeltin-ernst.de\/home\/2014\/08\/14\/grundrente-nach-dem-bundesversorgungsgesetz-immer-anrechnungsfrei\/","title":{"rendered":"Grundrente nach dem Bundesversorgungsgesetz immer anrechnungsfrei"},"content":{"rendered":"<p style=\"text-align: justify;\">Entgegen der Ansicht des Landesamtes f\u00fcr Gesundheit und Soziales Berlin und der dortigen Verwaltungsvorschriften ist eine Grundrente niemals Einkommen im sozialrechtlichen Sinne. Dies gilt auch, soweit eine Grundrente ruht, weil zugleich eine Verletztenrente ausgezahlt wird. Es lohnt sich daher gegen die falschen Bescheide vorzugehen; dies ist auch r\u00fcckwirkend m\u00f6glich, sodass gegebenenfalls erhebliche Betr\u00e4ge zur\u00fcckverlangt werden k\u00f6nnen. Aktuell erstritten wurden bspw. r\u00fcckwirkende Zahlungen ab dem 01.04.2012 vor dem Verwaltungsgericht Berlin zum Aktenzeichen VG 37 K 266.12; Urteil vom 07.08.2014. Lassen auch Sie sich beraten!<\/p>\n","protected":false},"excerpt":{"rendered":"<p>Entgegen der Ansicht des Landesamtes f\u00fcr Gesundheit und Soziales Berlin und der dortigen Verwaltungsvorschriften ist eine Grundrente niemals Einkommen im sozialrechtlichen Sinne. Dies gilt auch, soweit eine Grundrente ruht, weil zugleich eine Verletztenrente ausgezahlt wird. Es lohnt sich daher gegen die falschen Bescheide vorzugehen; dies ist auch r\u00fcckwirkend m\u00f6glich, sodass gegebenenfalls erhebliche Betr\u00e4ge zur\u00fcckverlangt werden [&hellip;]<\/p>\n","protected":false},"author":1,"featured_media":0,"comment_status":"closed","ping_status":"closed","sticky":false,"template":"","format":"standard","meta":{"footnotes":""},"categories":[1],"tags":[],"class_list":["post-51","post","type-post","status-publish","format-standard","hentry","category-themen-aus-der-praxis"],"_links":{"self":[{"href":"https:\/\/rechtsanwaeltin-ernst.de\/home\/wp-json\/wp\/v2\/posts\/51","targetHints":{"allow":["GET"]}}],"collection":[{"href":"https:\/\/rechtsanwaeltin-ernst.de\/home\/wp-json\/wp\/v2\/posts"}],"about":[{"href":"https:\/\/rechtsanwaeltin-ernst.de\/home\/wp-json\/wp\/v2\/types\/post"}],"author":[{"embeddable":true,"href":"https:\/\/rechtsanwaeltin-ernst.de\/home\/wp-json\/wp\/v2\/users\/1"}],"replies":[{"embeddable":true,"href":"https:\/\/rechtsanwaeltin-ernst.de\/home\/wp-json\/wp\/v2\/comments?post=51"}],"version-history":[{"count":1,"href":"https:\/\/rechtsanwaeltin-ernst.de\/home\/wp-json\/wp\/v2\/posts\/51\/revisions"}],"predecessor-version":[{"id":52,"href":"https:\/\/rechtsanwaeltin-ernst.de\/home\/wp-json\/wp\/v2\/posts\/51\/revisions\/52"}],"wp:attachment":[{"href":"https:\/\/rechtsanwaeltin-ernst.de\/home\/wp-json\/wp\/v2\/media?parent=51"}],"wp:term":[{"taxonomy":"category","embeddable":true,"href":"https:\/\/rechtsanwaeltin-ernst.de\/home\/wp-json\/wp\/v2\/categories?post=51"},{"taxonomy":"post_tag","embeddable":true,"href":"https:\/\/rechtsanwaeltin-ernst.de\/home\/wp-json\/wp\/v2\/tags?post=51"}],"curies":[{"name":"wp","href":"https:\/\/api.w.org\/{rel}","templated":true}]}}