{"id":43,"date":"2016-03-07T22:27:54","date_gmt":"2016-03-07T21:27:54","guid":{"rendered":"http:\/\/rechtsanwaeltin-ernst.de\/home\/?p=43"},"modified":"2016-04-19T20:33:19","modified_gmt":"2016-04-19T18:33:19","slug":"pflegerecht-2016-pflegegrade-anstatt-pflegestufen","status":"publish","type":"post","link":"https:\/\/rechtsanwaeltin-ernst.de\/home\/2016\/03\/07\/pflegerecht-2016-pflegegrade-anstatt-pflegestufen\/","title":{"rendered":"Pflegerecht 2016: Pflegegrade anstatt Pflegestufen"},"content":{"rendered":"<p>Pflegerecht 2016, Pflegegrade anstatt Pflegestufen<\/p>\n<p style=\"text-align: justify;\">Zum 01.01.2015 ist das 1. Pflegest\u00e4rkungsgesetz (PSG I) in Kraft getreten, zum 01.01.2016 sodann das 2. Pflegest\u00e4rkungsgesetz (PSG II). Aufgrund der nunmehr aktualisierten Begutachtungsrichtlinien k\u00f6nnen sich viele Pflegebed\u00fcrftige, die bisher keine oder nur eine geringe Pflegestufe erhielten, Hoffnung auf Besserung machen. Die jetzt zu pr\u00fcfenden Merkmale sind deutlich detaillierter als bisher und geben daher ein klareres Bild von der verbliebenen Leistungsf\u00e4higkeit der Betroffenen; auch bieten die nunmehr eingef\u00fchrten Pflegegrade eine st\u00e4rkere Abstufungsm\u00f6glichkeit.<\/p>\n<p style=\"text-align: justify;\">Die \u00dcberleitung von Pflegebed\u00fcrftigen die bereits Leistungen erhalten in das aktuelle Beurteilungssystem soll zum 01.01.2017  automatisch erfolgen. Sie sollten daher Nachricht von der Pflegekasse erhalten.<\/p>\n<p style=\"text-align: justify;\">Vom 01.01.2017 bis zum 01.01.2019 erfolgen bei Pflegebed\u00fcrftigen, die am 01.01.2017 in einen Pflegegrad \u00fcbergeleitet wurden, keine Wiederholungsbegutachtungen. Dies gilt auch dann, wenn der MDK oder der von der Pflegekasse beauftragte Gutachter eine Wiederholungsbegutachtung in diesem Zeitraum empfohlen hat.<\/p>\n<p style=\"text-align: justify;\">Auch gelten aufgrund der Umstellung auf das neue Begutachtungssystem vom 01.11.2016 bis 31.12.2017 f\u00fcr die gestellten Leistungen auf Pflegeleistungen andere R\u00fcckmeldefristen.<\/p>\n<p style=\"text-align: justify;\">Nur bei besonders dringlichem Bedarf m\u00fcssen die Pflegekassen sp\u00e4testens 25 Arbeitstage nach Eingang des Antrages ihre Entscheidung dem Antragsteller mitteilen. Wann ein besonders dringlicher Entscheidungsbedarf vorliegt, legt der Sozialversicherungsbund der Pflegekassen demn\u00e4chst bundesweit einheitlich fest.<\/p>\n<p style=\"text-align: justify;\">F\u00fcr eine konkrete Beratung zum weiteren Vorgehen vereinbaren Sie gern einen pers\u00f6nlichen Beratungstermin in meiner Kanzlei.<\/p>\n","protected":false},"excerpt":{"rendered":"<p>Pflegerecht 2016, Pflegegrade anstatt Pflegestufen Zum 01.01.2015 ist das 1. Pflegest\u00e4rkungsgesetz (PSG I) in Kraft getreten, zum 01.01.2016 sodann das 2. Pflegest\u00e4rkungsgesetz (PSG II). Aufgrund der nunmehr aktualisierten Begutachtungsrichtlinien k\u00f6nnen sich viele Pflegebed\u00fcrftige, die bisher keine oder nur eine geringe Pflegestufe erhielten, Hoffnung auf Besserung machen. Die jetzt zu pr\u00fcfenden Merkmale sind deutlich detaillierter als [&hellip;]<\/p>\n","protected":false},"author":1,"featured_media":0,"comment_status":"closed","ping_status":"closed","sticky":false,"template":"","format":"standard","meta":{"footnotes":""},"categories":[1],"tags":[3],"class_list":["post-43","post","type-post","status-publish","format-standard","hentry","category-themen-aus-der-praxis","tag-pflegerecht"],"_links":{"self":[{"href":"https:\/\/rechtsanwaeltin-ernst.de\/home\/wp-json\/wp\/v2\/posts\/43","targetHints":{"allow":["GET"]}}],"collection":[{"href":"https:\/\/rechtsanwaeltin-ernst.de\/home\/wp-json\/wp\/v2\/posts"}],"about":[{"href":"https:\/\/rechtsanwaeltin-ernst.de\/home\/wp-json\/wp\/v2\/types\/post"}],"author":[{"embeddable":true,"href":"https:\/\/rechtsanwaeltin-ernst.de\/home\/wp-json\/wp\/v2\/users\/1"}],"replies":[{"embeddable":true,"href":"https:\/\/rechtsanwaeltin-ernst.de\/home\/wp-json\/wp\/v2\/comments?post=43"}],"version-history":[{"count":2,"href":"https:\/\/rechtsanwaeltin-ernst.de\/home\/wp-json\/wp\/v2\/posts\/43\/revisions"}],"predecessor-version":[{"id":45,"href":"https:\/\/rechtsanwaeltin-ernst.de\/home\/wp-json\/wp\/v2\/posts\/43\/revisions\/45"}],"wp:attachment":[{"href":"https:\/\/rechtsanwaeltin-ernst.de\/home\/wp-json\/wp\/v2\/media?parent=43"}],"wp:term":[{"taxonomy":"category","embeddable":true,"href":"https:\/\/rechtsanwaeltin-ernst.de\/home\/wp-json\/wp\/v2\/categories?post=43"},{"taxonomy":"post_tag","embeddable":true,"href":"https:\/\/rechtsanwaeltin-ernst.de\/home\/wp-json\/wp\/v2\/tags?post=43"}],"curies":[{"name":"wp","href":"https:\/\/api.w.org\/{rel}","templated":true}]}}